{"id":1,"date":"2023-01-25T12:32:10","date_gmt":"2023-01-25T12:32:10","guid":{"rendered":"http:\/\/patriciaberenguer.com\/?p=1"},"modified":"2026-02-26T10:45:34","modified_gmt":"2026-02-26T10:45:34","slug":"articulo-piloto","status":"publish","type":"post","link":"https:\/\/patriciaberenguer.com\/en\/articulo-piloto\/","title":{"rendered":"Art\u00edculo piloto. Bienvenid@ a mi blog"},"content":{"rendered":"<p>[et_pb_section fb_built=\u00bb1&#8243; _builder_version=\u00bb4.27.5&#8243; max_width=\u00bb1000px\u00bb module_alignment=\u00bbcenter\u00bb global_colors_info=\u00bb{}\u00bb theme_builder_area=\u00bbpost_content\u00bb][et_pb_row _builder_version=\u00bb4.16&#8243; background_size=\u00bbinitial\u00bb background_position=\u00bbtop_left\u00bb background_repeat=\u00bbrepeat\u00bb global_colors_info=\u00bb{}\u00bb theme_builder_area=\u00bbpost_content\u00bb min_height=\u00bb2432.3px\u00bb][et_pb_column type=\u00bb4_4&#8243; _builder_version=\u00bb4.16&#8243; custom_padding=\u00bb|||\u00bb global_colors_info=\u00bb{}\u00bb custom_padding__hover=\u00bb|||\u00bb theme_builder_area=\u00bbpost_content\u00bb][et_pb_text _builder_version=\u00bb4.27.5&#8243; text_font_size=\u00bb16px\u00bb text_line_height=\u00bb1.6em\u00bb header_2_font=\u00bb&#8211;et_global_heading_font||||||||\u00bb header_2_text_color=\u00bb#2B0839&#8243; header_2_font_size=\u00bb29px\u00bb background_size=\u00bbinitial\u00bb background_position=\u00bbtop_left\u00bb background_repeat=\u00bbrepeat\u00bb text_orientation=\u00bbjustified\u00bb hover_enabled=\u00bb0&#8243; global_colors_info=\u00bb{}\u00bb theme_builder_area=\u00bbpost_content\u00bb sticky_enabled=\u00bb0&#8243;]<\/p>\n<p><strong>Hola, soy Pat Berenguer, quiz\u00e1s me recuerden de otros episodios como \u201cEste es un muro de carga y lo sabes\u201d (s\u00ed, me tomo las obras con humor\u2026 pero a la vez muy en serio)<\/strong><\/p>\n<p>Si has llegado hasta aqu\u00ed es probable que est\u00e9s pensando en reformar, construir, invertir o, como m\u00ednimo, entender por qu\u00e9 tu casa no termina de funcionar, aunque sea bonita. As\u00ed que empecemos por el principio: me llamo <strong>Patricia Berenguer<\/strong>, soy arquitecta y dise\u00f1adora de interiores, y llevo pr\u00e1cticamente toda mi vida entre planos, obras, materiales y decisiones que parecen peque\u00f1as\u2026 pero no lo son en absoluto.<\/p>\n<h2>Qui\u00e9n soy (y donde me he formado)<\/h2>\n<p>Estudi\u00e9 Arquitectura entre <strong>Madrid y Las Palmas de Gran Canaria<\/strong>, con paradas estrat\u00e9gicas en M\u00e1laga, Granada y Polonia, lugares muy distintos que, sin saberlo entonces, ya estaban afinando mi mirada. Cuando termin\u00e9, podr\u00eda haber hecho lo que \u201cse supone\u201d que hab\u00eda que hacer: un m\u00e1ster, una especializaci\u00f3n r\u00e1pida y seguir corriendo. Pero no. Resulta que no ten\u00eda suficiente. As\u00ed que, en lugar de un m\u00e1ster como todo el mundo, decid\u00ed estudiar <strong>Dise\u00f1o de Interiores<\/strong> en la Escuela de Arte y Oficios de Almer\u00eda. Porque seguir profundizando los espacios desde dentro, desde c\u00f3mo se viven y se sienten, me parec\u00eda tan importante como saber calcularlos.<\/p>\n<p>&nbsp;<\/p>\n<p><img loading=\"lazy\" decoding=\"async\" src=\"https:\/\/patriciaberenguer.com\/wp-content\/uploads\/2026\/02\/patriciaberenguel02-1.jpg\" width=\"1441\" height=\"991\" alt=\"\" class=\"wp-image-430 alignnone size-full\" srcset=\"https:\/\/patriciaberenguer.com\/wp-content\/uploads\/2026\/02\/patriciaberenguel02-1.jpg 1441w, https:\/\/patriciaberenguer.com\/wp-content\/uploads\/2026\/02\/patriciaberenguel02-1-1280x880.jpg 1280w, https:\/\/patriciaberenguer.com\/wp-content\/uploads\/2026\/02\/patriciaberenguel02-1-980x674.jpg 980w, https:\/\/patriciaberenguer.com\/wp-content\/uploads\/2026\/02\/patriciaberenguel02-1-480x330.jpg 480w\" sizes=\"(min-width: 0px) and (max-width: 480px) 480px, (min-width: 481px) and (max-width: 980px) 980px, (min-width: 981px) and (max-width: 1280px) 1280px, (min-width: 1281px) 1441px, 100vw\" \/><\/p>\n<p>Desde entonces he hecho algo que me define bastante bien: <strong>trabajar y estudiar al mismo tiempo<\/strong>. Siempre. He colaborado con arquitectos, ingenieros, interioristas, he pasado por estudios privados, por la administraci\u00f3n p\u00fablica\u2026 y he aprendido de todos. Pero si tengo que ser honesta, donde m\u00e1s feliz me siento es <strong>asesorando a personas que quieren hacer las cosas bien<\/strong>, aunque no siempre sepan por d\u00f3nde empezar.<\/p>\n<h2>De d\u00f3nde vengo (y por qu\u00e9 importa)<\/h2>\n<p>Supongo que esta manera de entender la arquitectura tambi\u00e9n tiene mucho que ver con mi historia personal. Mi abuelo <strong>Constantino Berenguer<\/strong> era un maestro alba\u00f1il de los que ya no quedan. De los que constru\u00edan con lo que hab\u00eda alrededor, entendiendo el material, el clima y el lugar. Desde peque\u00f1a vi c\u00f3mo se levantaban muros, chozas y casas con sentido com\u00fan, respeto y oficio. Quiz\u00e1s por eso hoy siento una conexi\u00f3n tan fuerte con la <strong>arquitectura tradicional<\/strong>, con el territorio, con lo que tiene identidad y no necesita disfrazarse de tendencia.<\/p>\n<p><img loading=\"lazy\" decoding=\"async\" src=\"https:\/\/patriciaberenguer.com\/wp-content\/uploads\/2026\/02\/patriciaberenguel.jpg\" width=\"1441\" height=\"991\" alt=\"\" class=\"wp-image-432 alignnone size-full\" srcset=\"https:\/\/patriciaberenguer.com\/wp-content\/uploads\/2026\/02\/patriciaberenguel.jpg 1441w, https:\/\/patriciaberenguer.com\/wp-content\/uploads\/2026\/02\/patriciaberenguel-1280x880.jpg 1280w, https:\/\/patriciaberenguer.com\/wp-content\/uploads\/2026\/02\/patriciaberenguel-980x674.jpg 980w, https:\/\/patriciaberenguer.com\/wp-content\/uploads\/2026\/02\/patriciaberenguel-480x330.jpg 480w\" sizes=\"(min-width: 0px) and (max-width: 480px) 480px, (min-width: 481px) and (max-width: 980px) 980px, (min-width: 981px) and (max-width: 1280px) 1280px, (min-width: 1281px) 1441px, 100vw\" \/><\/p>\n<p>En un mundo cada vez m\u00e1s industrializado, modulado y r\u00e1pido, poner en valor lo local, lo bien pensado y lo duradero parece casi un acto de rebeld\u00eda. Y s\u00ed, lo confieso: es una batalla que me tomo muy en serio.<\/p>\n<p>Eso no significa que viva enfadada con el mundo. Al contrario. Me gusta <strong>re\u00edrme<\/strong>, relativizar, y encontrar humor incluso en la obra (que ya es decir). Creo profundamente que se puede ser rigurosa, t\u00e9cnica y profesional sin perder la cercan\u00eda, el humor ni la iron\u00eda. Que no hace falta hablar en \u201cidioma estrictamente t\u00e9cnico\u201d para saber de lo que se habla. Y que una reforma puede ser una experiencia mucho m\u00e1s amable si alguien te acompa\u00f1a con criterio\u2026 y un poco de humor.<\/p>\n<h2>Por qu\u00e9 nace este blog<\/h2>\n<p>Este blog nace justo de ah\u00ed. De las ganas de contarte lo que no siempre se dice, de explicarte las cosas claras, de desmontar mitos, de ayudarte a tomar mejores decisiones y, por qu\u00e9 no, de echarnos unas risas por el camino. Porque la arquitectura y el dise\u00f1o no van solo de edificios y espacios: van de personas.<\/p>\n<p>As\u00ed que ahora te devuelvo la pregunta:<br \/>\u00bfte apetece acompa\u00f1arme en el camino de todo lo que tengo que contarte?<\/p>\n<p>Prometo hacerlo con honestidad, experiencia, criterio\u2026 y alguna que otra carcajada entre escombros. \u00a1Porque la vida son dos d\u00edas!<\/p>\n<p>Bienvenido\/a a mi mundo , ponte c\u00f3modo\/a y disfruta. \ud83d\ude09<\/p>\n<p>Pat.<\/p>\n<p>&nbsp;<\/p>\n<p><!-- \/divi:paragraph -->[\/et_pb_text][\/et_pb_column][\/et_pb_row][\/et_pb_section]<\/p>","protected":false},"excerpt":{"rendered":"<p>Hola, soy Pat Berenguer, quiz\u00e1s me recuerden de otros episodios como \u201cEste es un muro de carga y lo sabes\u201d (s\u00ed, me tomo las obras con humor\u2026 pero a la vez muy en serio) Si has llegado hasta aqu\u00ed es probable que est\u00e9s pensando en reformar, construir, invertir o, como m\u00ednimo, entender por qu\u00e9 tu [&hellip;]<\/p>","protected":false},"author":1,"featured_media":183,"comment_status":"open","ping_status":"open","sticky":false,"template":"","format":"standard","meta":{"_et_pb_use_builder":"on","_et_pb_old_content":"<!-- wp:paragraph -->\n<p>Welcome to WordPress. This is your first post. Edit or delete it, then start writing!<\/p>\n<!-- \/wp:paragraph -->","_et_gb_content_width":"","footnotes":""},"categories":[1],"tags":[],"class_list":["post-1","post","type-post","status-publish","format-standard","has-post-thumbnail","hentry","category-proyectos"],"yoast_head":"<!-- This site is optimized with the Yoast SEO plugin v26.7 - https:\/\/yoast.com\/wordpress\/plugins\/seo\/ -->\n<title>Art\u00edculo piloto. Bienvenid@ a mi blog - Patricia Berenguer<\/title>\n<meta name=\"robots\" content=\"index, follow, max-snippet:-1, max-image-preview:large, max-video-preview:-1\" \/>\n<link rel=\"canonical\" href=\"https:\/\/patriciaberenguer.com\/en\/articulo-piloto\/\" \/>\n<meta property=\"og:locale\" content=\"en_GB\" \/>\n<meta property=\"og:type\" content=\"article\" \/>\n<meta property=\"og:title\" content=\"Art\u00edculo piloto. Bienvenid@ a mi blog - Patricia Berenguer\" \/>\n<meta property=\"og:description\" content=\"Hola, soy Pat Berenguer, quiz\u00e1s me recuerden de otros episodios como \u201cEste es un muro de carga y lo sabes\u201d (s\u00ed, me tomo las obras con humor\u2026 pero a la vez muy en serio) Si has llegado hasta aqu\u00ed es probable que est\u00e9s pensando en reformar, construir, invertir o, como m\u00ednimo, entender por qu\u00e9 tu [&hellip;]\" \/>\n<meta property=\"og:url\" content=\"https:\/\/patriciaberenguer.com\/en\/articulo-piloto\/\" \/>\n<meta property=\"og:site_name\" content=\"Patricia Berenguer\" \/>\n<meta property=\"article:published_time\" content=\"2023-01-25T12:32:10+00:00\" \/>\n<meta property=\"article:modified_time\" content=\"2026-02-26T10:45:34+00:00\" \/>\n<meta property=\"og:image\" content=\"https:\/\/patriciaberenguer.com\/wp-content\/uploads\/2023\/01\/palmera-en-el-desierto-contra-el-cielo-despejado-scaled.jpg\" \/>\n\t<meta property=\"og:image:width\" content=\"2560\" \/>\n\t<meta property=\"og:image:height\" content=\"1707\" \/>\n\t<meta property=\"og:image:type\" content=\"image\/jpeg\" \/>\n<meta name=\"author\" content=\"admin\" \/>\n<meta name=\"twitter:card\" content=\"summary_large_image\" \/>\n<meta name=\"twitter:label1\" content=\"Written by\" \/>\n\t<meta name=\"twitter:data1\" content=\"admin\" \/>\n\t<meta name=\"twitter:label2\" content=\"Estimated reading time\" \/>\n\t<meta name=\"twitter:data2\" content=\"3 minutes\" \/>\n<script type=\"application\/ld+json\" class=\"yoast-schema-graph\">{\"@context\":\"https:\/\/schema.org\",\"@graph\":[{\"@type\":\"Article\",\"@id\":\"https:\/\/patriciaberenguer.com\/articulo-piloto\/#article\",\"isPartOf\":{\"@id\":\"https:\/\/patriciaberenguer.com\/articulo-piloto\/\"},\"author\":{\"name\":\"admin\",\"@id\":\"https:\/\/patriciaberenguer.com\/#\/schema\/person\/b572c4b3e94f526a7f7ac37eb1e0a7c1\"},\"headline\":\"Art\u00edculo piloto. Bienvenid@ a mi blog\",\"datePublished\":\"2023-01-25T12:32:10+00:00\",\"dateModified\":\"2026-02-26T10:45:34+00:00\",\"mainEntityOfPage\":{\"@id\":\"https:\/\/patriciaberenguer.com\/articulo-piloto\/\"},\"wordCount\":797,\"commentCount\":1,\"publisher\":{\"@id\":\"https:\/\/patriciaberenguer.com\/#organization\"},\"image\":{\"@id\":\"https:\/\/patriciaberenguer.com\/articulo-piloto\/#primaryimage\"},\"thumbnailUrl\":\"https:\/\/patriciaberenguer.com\/wp-content\/uploads\/2023\/01\/palmera-en-el-desierto-contra-el-cielo-despejado-scaled.jpg\",\"articleSection\":[\"Proyectos\"],\"inLanguage\":\"en-GB\",\"potentialAction\":[{\"@type\":\"CommentAction\",\"name\":\"Comment\",\"target\":[\"https:\/\/patriciaberenguer.com\/articulo-piloto\/#respond\"]}]},{\"@type\":\"WebPage\",\"@id\":\"https:\/\/patriciaberenguer.com\/articulo-piloto\/\",\"url\":\"https:\/\/patriciaberenguer.com\/articulo-piloto\/\",\"name\":\"Art\u00edculo piloto. Bienvenid@ a mi blog - Patricia Berenguer\",\"isPartOf\":{\"@id\":\"https:\/\/patriciaberenguer.com\/#website\"},\"primaryImageOfPage\":{\"@id\":\"https:\/\/patriciaberenguer.com\/articulo-piloto\/#primaryimage\"},\"image\":{\"@id\":\"https:\/\/patriciaberenguer.com\/articulo-piloto\/#primaryimage\"},\"thumbnailUrl\":\"https:\/\/patriciaberenguer.com\/wp-content\/uploads\/2023\/01\/palmera-en-el-desierto-contra-el-cielo-despejado-scaled.jpg\",\"datePublished\":\"2023-01-25T12:32:10+00:00\",\"dateModified\":\"2026-02-26T10:45:34+00:00\",\"breadcrumb\":{\"@id\":\"https:\/\/patriciaberenguer.com\/articulo-piloto\/#breadcrumb\"},\"inLanguage\":\"en-GB\",\"potentialAction\":[{\"@type\":\"ReadAction\",\"target\":[\"https:\/\/patriciaberenguer.com\/articulo-piloto\/\"]}]},{\"@type\":\"ImageObject\",\"inLanguage\":\"en-GB\",\"@id\":\"https:\/\/patriciaberenguer.com\/articulo-piloto\/#primaryimage\",\"url\":\"https:\/\/patriciaberenguer.com\/wp-content\/uploads\/2023\/01\/palmera-en-el-desierto-contra-el-cielo-despejado-scaled.jpg\",\"contentUrl\":\"https:\/\/patriciaberenguer.com\/wp-content\/uploads\/2023\/01\/palmera-en-el-desierto-contra-el-cielo-despejado-scaled.jpg\",\"width\":2560,\"height\":1707},{\"@type\":\"BreadcrumbList\",\"@id\":\"https:\/\/patriciaberenguer.com\/articulo-piloto\/#breadcrumb\",\"itemListElement\":[{\"@type\":\"ListItem\",\"position\":1,\"name\":\"Portada\",\"item\":\"https:\/\/patriciaberenguer.com\/\"},{\"@type\":\"ListItem\",\"position\":2,\"name\":\"Art\u00edculo piloto. Bienvenid@ a mi blog\"}]},{\"@type\":\"WebSite\",\"@id\":\"https:\/\/patriciaberenguer.com\/#website\",\"url\":\"https:\/\/patriciaberenguer.com\/\",\"name\":\"Patricia Berenguer\",\"description\":\"Arquitecta &amp; Dise&ntilde;adora de Interiores en El Ejido\",\"publisher\":{\"@id\":\"https:\/\/patriciaberenguer.com\/#organization\"},\"potentialAction\":[{\"@type\":\"SearchAction\",\"target\":{\"@type\":\"EntryPoint\",\"urlTemplate\":\"https:\/\/patriciaberenguer.com\/?s={search_term_string}\"},\"query-input\":{\"@type\":\"PropertyValueSpecification\",\"valueRequired\":true,\"valueName\":\"search_term_string\"}}],\"inLanguage\":\"en-GB\"},{\"@type\":\"Organization\",\"@id\":\"https:\/\/patriciaberenguer.com\/#organization\",\"name\":\"Patricia Berenguer\",\"url\":\"https:\/\/patriciaberenguer.com\/\",\"logo\":{\"@type\":\"ImageObject\",\"inLanguage\":\"en-GB\",\"@id\":\"https:\/\/patriciaberenguer.com\/#\/schema\/logo\/image\/\",\"url\":\"https:\/\/patriciaberenguer.com\/wp-content\/uploads\/2025\/12\/LOGOS-02-scaled.png\",\"contentUrl\":\"https:\/\/patriciaberenguer.com\/wp-content\/uploads\/2025\/12\/LOGOS-02-scaled.png\",\"width\":2560,\"height\":1360,\"caption\":\"Patricia Berenguer\"},\"image\":{\"@id\":\"https:\/\/patriciaberenguer.com\/#\/schema\/logo\/image\/\"}},{\"@type\":\"Person\",\"@id\":\"https:\/\/patriciaberenguer.com\/#\/schema\/person\/b572c4b3e94f526a7f7ac37eb1e0a7c1\",\"name\":\"admin\",\"image\":{\"@type\":\"ImageObject\",\"inLanguage\":\"en-GB\",\"@id\":\"https:\/\/patriciaberenguer.com\/#\/schema\/person\/image\/\",\"url\":\"https:\/\/secure.gravatar.com\/avatar\/17134ddcd8011bf6b03e346da9df14d248ae5af75c627206774a2b3fa38bf256?s=96&d=mm&r=g\",\"contentUrl\":\"https:\/\/secure.gravatar.com\/avatar\/17134ddcd8011bf6b03e346da9df14d248ae5af75c627206774a2b3fa38bf256?s=96&d=mm&r=g\",\"caption\":\"admin\"},\"sameAs\":[\"http:\/\/patriciaberenguer.com\"],\"url\":\"https:\/\/patriciaberenguer.com\/en\/author\/admin\/\"}]}<\/script>\n<!-- \/ Yoast SEO plugin. -->","yoast_head_json":{"title":"Art\u00edculo piloto. Bienvenid@ a mi blog - Patricia Berenguer","robots":{"index":"index","follow":"follow","max-snippet":"max-snippet:-1","max-image-preview":"max-image-preview:large","max-video-preview":"max-video-preview:-1"},"canonical":"https:\/\/patriciaberenguer.com\/en\/articulo-piloto\/","og_locale":"en_GB","og_type":"article","og_title":"Art\u00edculo piloto. Bienvenid@ a mi blog - Patricia Berenguer","og_description":"Hola, soy Pat Berenguer, quiz\u00e1s me recuerden de otros episodios como \u201cEste es un muro de carga y lo sabes\u201d (s\u00ed, me tomo las obras con humor\u2026 pero a la vez muy en serio) Si has llegado hasta aqu\u00ed es probable que est\u00e9s pensando en reformar, construir, invertir o, como m\u00ednimo, entender por qu\u00e9 tu [&hellip;]","og_url":"https:\/\/patriciaberenguer.com\/en\/articulo-piloto\/","og_site_name":"Patricia Berenguer","article_published_time":"2023-01-25T12:32:10+00:00","article_modified_time":"2026-02-26T10:45:34+00:00","og_image":[{"width":2560,"height":1707,"url":"https:\/\/patriciaberenguer.com\/wp-content\/uploads\/2023\/01\/palmera-en-el-desierto-contra-el-cielo-despejado-scaled.jpg","type":"image\/jpeg"}],"author":"admin","twitter_card":"summary_large_image","twitter_misc":{"Written by":"admin","Estimated reading time":"3 minutes"},"schema":{"@context":"https:\/\/schema.org","@graph":[{"@type":"Article","@id":"https:\/\/patriciaberenguer.com\/articulo-piloto\/#article","isPartOf":{"@id":"https:\/\/patriciaberenguer.com\/articulo-piloto\/"},"author":{"name":"admin","@id":"https:\/\/patriciaberenguer.com\/#\/schema\/person\/b572c4b3e94f526a7f7ac37eb1e0a7c1"},"headline":"Art\u00edculo piloto. Bienvenid@ a mi blog","datePublished":"2023-01-25T12:32:10+00:00","dateModified":"2026-02-26T10:45:34+00:00","mainEntityOfPage":{"@id":"https:\/\/patriciaberenguer.com\/articulo-piloto\/"},"wordCount":797,"commentCount":1,"publisher":{"@id":"https:\/\/patriciaberenguer.com\/#organization"},"image":{"@id":"https:\/\/patriciaberenguer.com\/articulo-piloto\/#primaryimage"},"thumbnailUrl":"https:\/\/patriciaberenguer.com\/wp-content\/uploads\/2023\/01\/palmera-en-el-desierto-contra-el-cielo-despejado-scaled.jpg","articleSection":["Proyectos"],"inLanguage":"en-GB","potentialAction":[{"@type":"CommentAction","name":"Comment","target":["https:\/\/patriciaberenguer.com\/articulo-piloto\/#respond"]}]},{"@type":"WebPage","@id":"https:\/\/patriciaberenguer.com\/articulo-piloto\/","url":"https:\/\/patriciaberenguer.com\/articulo-piloto\/","name":"Art\u00edculo piloto. Bienvenid@ a mi blog - Patricia Berenguer","isPartOf":{"@id":"https:\/\/patriciaberenguer.com\/#website"},"primaryImageOfPage":{"@id":"https:\/\/patriciaberenguer.com\/articulo-piloto\/#primaryimage"},"image":{"@id":"https:\/\/patriciaberenguer.com\/articulo-piloto\/#primaryimage"},"thumbnailUrl":"https:\/\/patriciaberenguer.com\/wp-content\/uploads\/2023\/01\/palmera-en-el-desierto-contra-el-cielo-despejado-scaled.jpg","datePublished":"2023-01-25T12:32:10+00:00","dateModified":"2026-02-26T10:45:34+00:00","breadcrumb":{"@id":"https:\/\/patriciaberenguer.com\/articulo-piloto\/#breadcrumb"},"inLanguage":"en-GB","potentialAction":[{"@type":"ReadAction","target":["https:\/\/patriciaberenguer.com\/articulo-piloto\/"]}]},{"@type":"ImageObject","inLanguage":"en-GB","@id":"https:\/\/patriciaberenguer.com\/articulo-piloto\/#primaryimage","url":"https:\/\/patriciaberenguer.com\/wp-content\/uploads\/2023\/01\/palmera-en-el-desierto-contra-el-cielo-despejado-scaled.jpg","contentUrl":"https:\/\/patriciaberenguer.com\/wp-content\/uploads\/2023\/01\/palmera-en-el-desierto-contra-el-cielo-despejado-scaled.jpg","width":2560,"height":1707},{"@type":"BreadcrumbList","@id":"https:\/\/patriciaberenguer.com\/articulo-piloto\/#breadcrumb","itemListElement":[{"@type":"ListItem","position":1,"name":"Portada","item":"https:\/\/patriciaberenguer.com\/"},{"@type":"ListItem","position":2,"name":"Art\u00edculo piloto. Bienvenid@ a mi blog"}]},{"@type":"WebSite","@id":"https:\/\/patriciaberenguer.com\/#website","url":"https:\/\/patriciaberenguer.com\/","name":"Patricia Berenguer","description":"Arquitecta &amp; Dise&ntilde;adora de Interiores en El Ejido","publisher":{"@id":"https:\/\/patriciaberenguer.com\/#organization"},"potentialAction":[{"@type":"SearchAction","target":{"@type":"EntryPoint","urlTemplate":"https:\/\/patriciaberenguer.com\/?s={search_term_string}"},"query-input":{"@type":"PropertyValueSpecification","valueRequired":true,"valueName":"search_term_string"}}],"inLanguage":"en-GB"},{"@type":"Organization","@id":"https:\/\/patriciaberenguer.com\/#organization","name":"Patricia Berenguer","url":"https:\/\/patriciaberenguer.com\/","logo":{"@type":"ImageObject","inLanguage":"en-GB","@id":"https:\/\/patriciaberenguer.com\/#\/schema\/logo\/image\/","url":"https:\/\/patriciaberenguer.com\/wp-content\/uploads\/2025\/12\/LOGOS-02-scaled.png","contentUrl":"https:\/\/patriciaberenguer.com\/wp-content\/uploads\/2025\/12\/LOGOS-02-scaled.png","width":2560,"height":1360,"caption":"Patricia Berenguer"},"image":{"@id":"https:\/\/patriciaberenguer.com\/#\/schema\/logo\/image\/"}},{"@type":"Person","@id":"https:\/\/patriciaberenguer.com\/#\/schema\/person\/b572c4b3e94f526a7f7ac37eb1e0a7c1","name":"admin","image":{"@type":"ImageObject","inLanguage":"en-GB","@id":"https:\/\/patriciaberenguer.com\/#\/schema\/person\/image\/","url":"https:\/\/secure.gravatar.com\/avatar\/17134ddcd8011bf6b03e346da9df14d248ae5af75c627206774a2b3fa38bf256?s=96&d=mm&r=g","contentUrl":"https:\/\/secure.gravatar.com\/avatar\/17134ddcd8011bf6b03e346da9df14d248ae5af75c627206774a2b3fa38bf256?s=96&d=mm&r=g","caption":"admin"},"sameAs":["http:\/\/patriciaberenguer.com"],"url":"https:\/\/patriciaberenguer.com\/en\/author\/admin\/"}]}},"_links":{"self":[{"href":"https:\/\/patriciaberenguer.com\/en\/wp-json\/wp\/v2\/posts\/1","targetHints":{"allow":["GET"]}}],"collection":[{"href":"https:\/\/patriciaberenguer.com\/en\/wp-json\/wp\/v2\/posts"}],"about":[{"href":"https:\/\/patriciaberenguer.com\/en\/wp-json\/wp\/v2\/types\/post"}],"author":[{"embeddable":true,"href":"https:\/\/patriciaberenguer.com\/en\/wp-json\/wp\/v2\/users\/1"}],"replies":[{"embeddable":true,"href":"https:\/\/patriciaberenguer.com\/en\/wp-json\/wp\/v2\/comments?post=1"}],"version-history":[{"count":8,"href":"https:\/\/patriciaberenguer.com\/en\/wp-json\/wp\/v2\/posts\/1\/revisions"}],"predecessor-version":[{"id":435,"href":"https:\/\/patriciaberenguer.com\/en\/wp-json\/wp\/v2\/posts\/1\/revisions\/435"}],"wp:featuredmedia":[{"embeddable":true,"href":"https:\/\/patriciaberenguer.com\/en\/wp-json\/wp\/v2\/media\/183"}],"wp:attachment":[{"href":"https:\/\/patriciaberenguer.com\/en\/wp-json\/wp\/v2\/media?parent=1"}],"wp:term":[{"taxonomy":"category","embeddable":true,"href":"https:\/\/patriciaberenguer.com\/en\/wp-json\/wp\/v2\/categories?post=1"},{"taxonomy":"post_tag","embeddable":true,"href":"https:\/\/patriciaberenguer.com\/en\/wp-json\/wp\/v2\/tags?post=1"}],"curies":[{"name":"wp","href":"https:\/\/api.w.org\/{rel}","templated":true}]}}