{"id":446,"date":"2026-03-24T16:29:17","date_gmt":"2026-03-24T16:29:17","guid":{"rendered":"https:\/\/patriciaberenguer.com\/?p=446"},"modified":"2026-03-24T16:58:54","modified_gmt":"2026-03-24T16:58:54","slug":"no-no-soy-decoradora-y-no-pasa-nada","status":"publish","type":"post","link":"https:\/\/patriciaberenguer.com\/en\/no-no-soy-decoradora-y-no-pasa-nada\/","title":{"rendered":"No, no soy decoradora (y no pasa nada)"},"content":{"rendered":"<p>[et_pb_section fb_built=\u00bb1&#8243; _builder_version=\u00bb4.27.5&#8243; max_width=\u00bb1000px\u00bb module_alignment=\u00bbcenter\u00bb custom_margin=\u00bb|356px||||\u00bb global_colors_info=\u00bb{}\u00bb theme_builder_area=\u00bbpost_content\u00bb][et_pb_row _builder_version=\u00bb4.16&#8243; background_size=\u00bbinitial\u00bb background_position=\u00bbtop_left\u00bb background_repeat=\u00bbrepeat\u00bb global_colors_info=\u00bb{}\u00bb theme_builder_area=\u00bbpost_content\u00bb][et_pb_column type=\u00bb4_4&#8243; _builder_version=\u00bb4.16&#8243; custom_padding=\u00bb|||\u00bb global_colors_info=\u00bb{}\u00bb custom_padding__hover=\u00bb|||\u00bb theme_builder_area=\u00bbpost_content\u00bb][et_pb_text _builder_version=\u00bb4.27.5&#8243; text_font_size=\u00bb16px\u00bb text_line_height=\u00bb1.6em\u00bb header_2_font=\u00bb&#8211;et_global_heading_font||||||||\u00bb header_2_text_color=\u00bb#2B0839&#8243; header_2_font_size=\u00bb30px\u00bb header_2_line_height=\u00bb1.1em\u00bb background_size=\u00bbinitial\u00bb background_position=\u00bbtop_left\u00bb background_repeat=\u00bbrepeat\u00bb text_orientation=\u00bbjustified\u00bb custom_margin=\u00bb0px||||false|false\u00bb hover_enabled=\u00bb0&#8243; global_colors_info=\u00bb{}\u00bb theme_builder_area=\u00bbpost_content\u00bb sticky_enabled=\u00bb0&#8243;]<\/p>\n<p><strong>Explico por qu\u00e9 no es lo mismo y por qu\u00e9 debes conocer la diferencia.<\/strong><\/p>\n<p>Hay una frase que escucho m\u00e1s de lo que me gustar\u00eda admitir y que siempre viene acompa\u00f1ada de una sonrisa de medio lado:<\/p>\n<blockquote>\n<p>\u201cAh, Patri m\u00edrame que puedo poner aqu\u00ed, t\u00fa que eres decoradora\u201d<\/p>\n<\/blockquote>\n<p>Y no.<\/p>\n<p>No lo soy.<\/p>\n<p>Y no pasa absolutamente nada\u2026 salvo que esa confusi\u00f3n dice mucho de c\u00f3mo entendemos (o no) los espacios que habitamos. Y lo peor de todo es que esto me lo dijo mi t\u00eda, sangre de mi sangre.<\/p>\n<p>Porque no, no es una cuesti\u00f3n de t\u00edtulos ni de egos profesionales. Es una cuesti\u00f3n de qu\u00e9 hace cada uno, hasta d\u00f3nde llega su responsabilidad y, sobre todo, qu\u00e9 necesitas t\u00fa cuando decides invertir en tu casa o en tu negocio.<\/p>\n<p>Cuando alguien se plantea una reforma, normalmente empieza por lo visible: lo bonito, lo que se ve en Instagram, lo que est\u00e1 en tendencia esta temporada. Y es normal. A todos nos gusta que un espacio nos entre por los ojos.<\/p>\n<p>El problema aparece cuando creemos que eso es todo.<\/p>\n<p>&nbsp;<\/p>\n<h2>Arquitectura: donde empieza todo<\/h2>\n<p>La arquitectura no empieza en los cojines ni en el color de la pared. Empieza mucho antes.<\/p>\n<p>Empieza en preguntarse si ese muro se puede tirar, si esa distribuci\u00f3n tiene sentido, si entra luz suficiente, si el espacio va a funcionar hoy\u2026 y dentro de diez a\u00f1os.<\/p>\n<p>La arquitecta es la que se asegura de que el edificio no se caiga, de que cumpla la normativa, de que lo que imaginas se pueda construir sin sorpresas desagradables y la que ha estudiado c\u00f3mo se mueve un humano en todas las escalas posibles.<\/p>\n<p>Es capaz de organizar c\u00f3mo nos movemos en una ciudad a c\u00f3mo es nuestro movimiento en un espacio m\u00ednimo. Tiene el ojo adiestrado para ello.<\/p>\n<p>Es la parte menos glamurosa, pero sin ella no hay proyecto que sobreviva.<\/p>\n<p>&nbsp;<\/p>\n<h2>Dise\u00f1o de interiores: donde todo cobra sentido<\/h2>\n<p><img loading=\"lazy\" decoding=\"async\" src=\"https:\/\/patriciaberenguer.com\/wp-content\/uploads\/2026\/03\/interiorismo2.jpg\" width=\"1441\" height=\"991\" alt=\"\" class=\"wp-image-453 alignnone size-full\" srcset=\"https:\/\/patriciaberenguer.com\/wp-content\/uploads\/2026\/03\/interiorismo2.jpg 1441w, https:\/\/patriciaberenguer.com\/wp-content\/uploads\/2026\/03\/interiorismo2-1280x880.jpg 1280w, https:\/\/patriciaberenguer.com\/wp-content\/uploads\/2026\/03\/interiorismo2-980x674.jpg 980w, https:\/\/patriciaberenguer.com\/wp-content\/uploads\/2026\/03\/interiorismo2-480x330.jpg 480w\" sizes=\"(min-width: 0px) and (max-width: 480px) 480px, (min-width: 481px) and (max-width: 980px) 980px, (min-width: 981px) and (max-width: 1280px) 1280px, (min-width: 1281px) 1441px, 100vw\" \/><\/p>\n<p>&nbsp;<\/p>\n<p>Luego est\u00e1 el dise\u00f1o de interiores, que es donde muchos creen que empieza todo, cuando en realidad es donde todo cobra sentido.<\/p>\n<p>Dise\u00f1ar interiores no es \u201cponerlo bonito\u201d. Es pensar c\u00f3mo se vive un espacio, c\u00f3mo se recorre, c\u00f3mo se ilumina, c\u00f3mo se siente.<\/p>\n<p>Es entender que una casa no es una foto fija, sino un escenario en movimiento. Que no todos vivimos igual, ni necesitamos lo mismo, ni nos sentamos igual en un sof\u00e1.<\/p>\n<p>Aqu\u00ed es donde se toman decisiones clave que afectan a tu confort, a tu d\u00eda a d\u00eda y, s\u00ed, tambi\u00e9n a tu presupuesto.<\/p>\n<p>&nbsp;<\/p>\n<h2>Decoraci\u00f3n: el toque final<\/h2>\n<p>Y por \u00faltimo est\u00e1 la decoraci\u00f3n, que es maravillosa y necesaria, pero que juega en otra liga.<\/p>\n<p>La decoradora trabaja sobre un espacio ya definido. Viste, acompa\u00f1a, remata. Da car\u00e1cter, estilo y coherencia visual.<\/p>\n<p>Pero no toca estructura, ni distribuci\u00f3n, ni instalaciones. No decide si algo funciona o no: decide c\u00f3mo se ve.<\/p>\n<p>Y eso, aunque importante, no es lo mismo.<\/p>\n<p>&nbsp;<\/p>\n<h2>El error m\u00e1s com\u00fan<\/h2>\n<p>El problema no es llamar decoradora a quien lo es. El problema es creer que con eso basta, cuando te enfrentas a una reforma real.<\/p>\n<p>Porque una casa puede ser muy bonita y muy inc\u00f3moda al mismo tiempo. Puede estar llena de tendencias y vac\u00eda de sentido.<\/p>\n<p>Puede parecer de revista\u2026 y no funcionar en absoluto para quien la habita.<\/p>\n<p>&nbsp;<\/p>\n<h2>Sobre tendencias (y por qu\u00e9 no son la respuesta)<\/h2>\n<p>Y aqu\u00ed entra otro punto clave: no todo tiene que ir en tendencia.<\/p>\n<p>De hecho, muchas veces seguirlas al pie de la letra es la manera m\u00e1s r\u00e1pida de cansarte de tu propia casa. Las modas pasan. Tu forma de vivir no deber\u00eda hacerlo.<\/p>\n<p>Un buen profesional no impone tendencias, ni copia Pinterest sin filtro. Escucha, observa y traduce.<\/p>\n<p>Te ayuda a sacar tu propio estilo, ese que no siempre sabes poner en palabras, pero que reconoces cuando lo ves.<\/p>\n<p>Y eso solo ocurre con asesoramiento, criterio y experiencia.<\/p>\n<p>&nbsp;<\/p>\n<h2>Entonces, \u00bfqu\u00e9 hago yo?<\/h2>\n<p>Por eso, yo no soy decoradora.<\/p>\n<p>No porque decorar est\u00e9 mal, sino porque mi trabajo va m\u00e1s all\u00e1.<\/p>\n<p>Porque antes de pensar en colores pienso en usos. Antes de elegir una l\u00e1mpara pienso en la luz natural, la ventilaci\u00f3n, tus h\u00e1bitos, la esencia\u2026<\/p>\n<p>Y antes de seguir una moda me pregunto si tiene sentido para ti, para tu espacio y para tu vida.<\/p>\n<p>Es m\u00e1s, si vienes a mi estudio pidiendo una asesor\u00eda de decoraci\u00f3n te dir\u00e9 que mejor llames a otra persona especialista en decoraci\u00f3n.<\/p>\n<h2><\/h2>\n<h2>La pregunta clave<\/h2>\n<p><img loading=\"lazy\" decoding=\"async\" src=\"https:\/\/patriciaberenguer.com\/wp-content\/uploads\/2026\/03\/blog-decoracion-interiorismo.jpg\" width=\"1441\" height=\"991\" alt=\"\" class=\"wp-image-456 alignnone size-full\" srcset=\"https:\/\/patriciaberenguer.com\/wp-content\/uploads\/2026\/03\/blog-decoracion-interiorismo.jpg 1441w, https:\/\/patriciaberenguer.com\/wp-content\/uploads\/2026\/03\/blog-decoracion-interiorismo-1280x880.jpg 1280w, https:\/\/patriciaberenguer.com\/wp-content\/uploads\/2026\/03\/blog-decoracion-interiorismo-980x674.jpg 980w, https:\/\/patriciaberenguer.com\/wp-content\/uploads\/2026\/03\/blog-decoracion-interiorismo-480x330.jpg 480w\" sizes=\"(min-width: 0px) and (max-width: 480px) 480px, (min-width: 481px) and (max-width: 980px) 980px, (min-width: 981px) and (max-width: 1280px) 1280px, (min-width: 1281px) 1441px, 100vw\" \/><\/p>\n<p>As\u00ed que la pr\u00f3xima vez que pienses en reformar, preg\u00fantate qu\u00e9 quieres realmente:<\/p>\n<p><strong>\u00bfQue tu casa est\u00e9 a la \u00faltima tendencia\u2026 o que sea un lugar en el que te encante despertar cada d\u00eda de tu vida?<\/strong><\/p>\n<p>Decorar es vestir un espacio.<\/p>\n<p>Dise\u00f1ar es entenderlo.<\/p>\n<p>Y la arquitectura es hacerlo posible.<\/p>\n<p>Y no, no soy decoradora.<\/p>\n<p>Soy la que hace que todo lo dem\u00e1s funcione.<\/p>\n<p>Gracias por leerme una vez m\u00e1s. Espero que mi t\u00eda me lea y le quede claro. \ud83d\ude09<\/p>\n<p><strong>Siempre vuestra,<\/strong><\/p>\n<p>Pat.<\/p>\n<p>[\/et_pb_text][\/et_pb_column][\/et_pb_row][\/et_pb_section]<\/p>","protected":false},"excerpt":{"rendered":"<p>Explico por qu\u00e9 no es lo mismo y por qu\u00e9 debes conocer la diferencia. Hay una frase que escucho m\u00e1s de lo que me gustar\u00eda admitir y que siempre viene acompa\u00f1ada de una sonrisa de medio lado: \u201cAh, Patri m\u00edrame que puedo poner aqu\u00ed, t\u00fa que eres decoradora\u201d Y no. No lo soy. Y no [&hellip;]<\/p>","protected":false},"author":1,"featured_media":451,"comment_status":"open","ping_status":"open","sticky":false,"template":"","format":"standard","meta":{"_et_pb_use_builder":"on","_et_pb_old_content":"","_et_gb_content_width":"","footnotes":""},"categories":[1],"tags":[],"class_list":["post-446","post","type-post","status-publish","format-standard","has-post-thumbnail","hentry","category-proyectos"],"yoast_head":"<!-- This site is optimized with the Yoast SEO plugin v26.7 - https:\/\/yoast.com\/wordpress\/plugins\/seo\/ -->\n<title>No, no soy decoradora (y no pasa nada) - Patricia Berenguer<\/title>\n<meta name=\"robots\" content=\"index, follow, max-snippet:-1, max-image-preview:large, max-video-preview:-1\" \/>\n<link rel=\"canonical\" href=\"https:\/\/patriciaberenguer.com\/en\/no-no-soy-decoradora-y-no-pasa-nada\/\" \/>\n<meta property=\"og:locale\" content=\"en_GB\" \/>\n<meta property=\"og:type\" content=\"article\" \/>\n<meta property=\"og:title\" content=\"No, no soy decoradora (y no pasa nada) - Patricia Berenguer\" \/>\n<meta property=\"og:description\" content=\"Explico por qu\u00e9 no es lo mismo y por qu\u00e9 debes conocer la diferencia. Hay una frase que escucho m\u00e1s de lo que me gustar\u00eda admitir y que siempre viene acompa\u00f1ada de una sonrisa de medio lado: \u201cAh, Patri m\u00edrame que puedo poner aqu\u00ed, t\u00fa que eres decoradora\u201d Y no. No lo soy. Y no [&hellip;]\" \/>\n<meta property=\"og:url\" content=\"https:\/\/patriciaberenguer.com\/en\/no-no-soy-decoradora-y-no-pasa-nada\/\" \/>\n<meta property=\"og:site_name\" content=\"Patricia Berenguer\" \/>\n<meta property=\"article:published_time\" content=\"2026-03-24T16:29:17+00:00\" \/>\n<meta property=\"article:modified_time\" content=\"2026-03-24T16:58:54+00:00\" \/>\n<meta property=\"og:image\" content=\"https:\/\/patriciaberenguer.com\/wp-content\/uploads\/2026\/03\/blog-arquitectura.jpg\" \/>\n\t<meta property=\"og:image:width\" content=\"1441\" \/>\n\t<meta property=\"og:image:height\" content=\"991\" \/>\n\t<meta property=\"og:image:type\" content=\"image\/jpeg\" \/>\n<meta name=\"author\" content=\"admin\" \/>\n<meta name=\"twitter:card\" content=\"summary_large_image\" \/>\n<meta name=\"twitter:label1\" content=\"Written by\" \/>\n\t<meta name=\"twitter:data1\" content=\"admin\" \/>\n\t<meta name=\"twitter:label2\" content=\"Estimated reading time\" \/>\n\t<meta name=\"twitter:data2\" content=\"4 minutes\" \/>\n<script type=\"application\/ld+json\" class=\"yoast-schema-graph\">{\"@context\":\"https:\/\/schema.org\",\"@graph\":[{\"@type\":\"Article\",\"@id\":\"https:\/\/patriciaberenguer.com\/no-no-soy-decoradora-y-no-pasa-nada\/#article\",\"isPartOf\":{\"@id\":\"https:\/\/patriciaberenguer.com\/no-no-soy-decoradora-y-no-pasa-nada\/\"},\"author\":{\"name\":\"admin\",\"@id\":\"https:\/\/patriciaberenguer.com\/#\/schema\/person\/b572c4b3e94f526a7f7ac37eb1e0a7c1\"},\"headline\":\"No, no soy decoradora (y no pasa nada)\",\"datePublished\":\"2026-03-24T16:29:17+00:00\",\"dateModified\":\"2026-03-24T16:58:54+00:00\",\"mainEntityOfPage\":{\"@id\":\"https:\/\/patriciaberenguer.com\/no-no-soy-decoradora-y-no-pasa-nada\/\"},\"wordCount\":1033,\"commentCount\":0,\"publisher\":{\"@id\":\"https:\/\/patriciaberenguer.com\/#organization\"},\"image\":{\"@id\":\"https:\/\/patriciaberenguer.com\/no-no-soy-decoradora-y-no-pasa-nada\/#primaryimage\"},\"thumbnailUrl\":\"https:\/\/patriciaberenguer.com\/wp-content\/uploads\/2026\/03\/blog-arquitectura.jpg\",\"articleSection\":[\"Proyectos\"],\"inLanguage\":\"en-GB\",\"potentialAction\":[{\"@type\":\"CommentAction\",\"name\":\"Comment\",\"target\":[\"https:\/\/patriciaberenguer.com\/no-no-soy-decoradora-y-no-pasa-nada\/#respond\"]}]},{\"@type\":\"WebPage\",\"@id\":\"https:\/\/patriciaberenguer.com\/no-no-soy-decoradora-y-no-pasa-nada\/\",\"url\":\"https:\/\/patriciaberenguer.com\/no-no-soy-decoradora-y-no-pasa-nada\/\",\"name\":\"No, no soy decoradora (y no pasa nada) - Patricia Berenguer\",\"isPartOf\":{\"@id\":\"https:\/\/patriciaberenguer.com\/#website\"},\"primaryImageOfPage\":{\"@id\":\"https:\/\/patriciaberenguer.com\/no-no-soy-decoradora-y-no-pasa-nada\/#primaryimage\"},\"image\":{\"@id\":\"https:\/\/patriciaberenguer.com\/no-no-soy-decoradora-y-no-pasa-nada\/#primaryimage\"},\"thumbnailUrl\":\"https:\/\/patriciaberenguer.com\/wp-content\/uploads\/2026\/03\/blog-arquitectura.jpg\",\"datePublished\":\"2026-03-24T16:29:17+00:00\",\"dateModified\":\"2026-03-24T16:58:54+00:00\",\"breadcrumb\":{\"@id\":\"https:\/\/patriciaberenguer.com\/no-no-soy-decoradora-y-no-pasa-nada\/#breadcrumb\"},\"inLanguage\":\"en-GB\",\"potentialAction\":[{\"@type\":\"ReadAction\",\"target\":[\"https:\/\/patriciaberenguer.com\/no-no-soy-decoradora-y-no-pasa-nada\/\"]}]},{\"@type\":\"ImageObject\",\"inLanguage\":\"en-GB\",\"@id\":\"https:\/\/patriciaberenguer.com\/no-no-soy-decoradora-y-no-pasa-nada\/#primaryimage\",\"url\":\"https:\/\/patriciaberenguer.com\/wp-content\/uploads\/2026\/03\/blog-arquitectura.jpg\",\"contentUrl\":\"https:\/\/patriciaberenguer.com\/wp-content\/uploads\/2026\/03\/blog-arquitectura.jpg\",\"width\":1441,\"height\":991},{\"@type\":\"BreadcrumbList\",\"@id\":\"https:\/\/patriciaberenguer.com\/no-no-soy-decoradora-y-no-pasa-nada\/#breadcrumb\",\"itemListElement\":[{\"@type\":\"ListItem\",\"position\":1,\"name\":\"Portada\",\"item\":\"https:\/\/patriciaberenguer.com\/\"},{\"@type\":\"ListItem\",\"position\":2,\"name\":\"No, no soy decoradora (y no pasa nada)\"}]},{\"@type\":\"WebSite\",\"@id\":\"https:\/\/patriciaberenguer.com\/#website\",\"url\":\"https:\/\/patriciaberenguer.com\/\",\"name\":\"Patricia Berenguer\",\"description\":\"Arquitecta &amp; Dise&ntilde;adora de Interiores en El Ejido\",\"publisher\":{\"@id\":\"https:\/\/patriciaberenguer.com\/#organization\"},\"potentialAction\":[{\"@type\":\"SearchAction\",\"target\":{\"@type\":\"EntryPoint\",\"urlTemplate\":\"https:\/\/patriciaberenguer.com\/?s={search_term_string}\"},\"query-input\":{\"@type\":\"PropertyValueSpecification\",\"valueRequired\":true,\"valueName\":\"search_term_string\"}}],\"inLanguage\":\"en-GB\"},{\"@type\":\"Organization\",\"@id\":\"https:\/\/patriciaberenguer.com\/#organization\",\"name\":\"Patricia Berenguer\",\"url\":\"https:\/\/patriciaberenguer.com\/\",\"logo\":{\"@type\":\"ImageObject\",\"inLanguage\":\"en-GB\",\"@id\":\"https:\/\/patriciaberenguer.com\/#\/schema\/logo\/image\/\",\"url\":\"https:\/\/patriciaberenguer.com\/wp-content\/uploads\/2025\/12\/LOGOS-02-scaled.png\",\"contentUrl\":\"https:\/\/patriciaberenguer.com\/wp-content\/uploads\/2025\/12\/LOGOS-02-scaled.png\",\"width\":2560,\"height\":1360,\"caption\":\"Patricia Berenguer\"},\"image\":{\"@id\":\"https:\/\/patriciaberenguer.com\/#\/schema\/logo\/image\/\"}},{\"@type\":\"Person\",\"@id\":\"https:\/\/patriciaberenguer.com\/#\/schema\/person\/b572c4b3e94f526a7f7ac37eb1e0a7c1\",\"name\":\"admin\",\"image\":{\"@type\":\"ImageObject\",\"inLanguage\":\"en-GB\",\"@id\":\"https:\/\/patriciaberenguer.com\/#\/schema\/person\/image\/\",\"url\":\"https:\/\/secure.gravatar.com\/avatar\/17134ddcd8011bf6b03e346da9df14d248ae5af75c627206774a2b3fa38bf256?s=96&d=mm&r=g\",\"contentUrl\":\"https:\/\/secure.gravatar.com\/avatar\/17134ddcd8011bf6b03e346da9df14d248ae5af75c627206774a2b3fa38bf256?s=96&d=mm&r=g\",\"caption\":\"admin\"},\"sameAs\":[\"http:\/\/patriciaberenguer.com\"],\"url\":\"https:\/\/patriciaberenguer.com\/en\/author\/admin\/\"}]}<\/script>\n<!-- \/ Yoast SEO plugin. -->","yoast_head_json":{"title":"No, no soy decoradora (y no pasa nada) - Patricia Berenguer","robots":{"index":"index","follow":"follow","max-snippet":"max-snippet:-1","max-image-preview":"max-image-preview:large","max-video-preview":"max-video-preview:-1"},"canonical":"https:\/\/patriciaberenguer.com\/en\/no-no-soy-decoradora-y-no-pasa-nada\/","og_locale":"en_GB","og_type":"article","og_title":"No, no soy decoradora (y no pasa nada) - Patricia Berenguer","og_description":"Explico por qu\u00e9 no es lo mismo y por qu\u00e9 debes conocer la diferencia. Hay una frase que escucho m\u00e1s de lo que me gustar\u00eda admitir y que siempre viene acompa\u00f1ada de una sonrisa de medio lado: \u201cAh, Patri m\u00edrame que puedo poner aqu\u00ed, t\u00fa que eres decoradora\u201d Y no. No lo soy. Y no [&hellip;]","og_url":"https:\/\/patriciaberenguer.com\/en\/no-no-soy-decoradora-y-no-pasa-nada\/","og_site_name":"Patricia Berenguer","article_published_time":"2026-03-24T16:29:17+00:00","article_modified_time":"2026-03-24T16:58:54+00:00","og_image":[{"width":1441,"height":991,"url":"https:\/\/patriciaberenguer.com\/wp-content\/uploads\/2026\/03\/blog-arquitectura.jpg","type":"image\/jpeg"}],"author":"admin","twitter_card":"summary_large_image","twitter_misc":{"Written by":"admin","Estimated reading time":"4 minutes"},"schema":{"@context":"https:\/\/schema.org","@graph":[{"@type":"Article","@id":"https:\/\/patriciaberenguer.com\/no-no-soy-decoradora-y-no-pasa-nada\/#article","isPartOf":{"@id":"https:\/\/patriciaberenguer.com\/no-no-soy-decoradora-y-no-pasa-nada\/"},"author":{"name":"admin","@id":"https:\/\/patriciaberenguer.com\/#\/schema\/person\/b572c4b3e94f526a7f7ac37eb1e0a7c1"},"headline":"No, no soy decoradora (y no pasa nada)","datePublished":"2026-03-24T16:29:17+00:00","dateModified":"2026-03-24T16:58:54+00:00","mainEntityOfPage":{"@id":"https:\/\/patriciaberenguer.com\/no-no-soy-decoradora-y-no-pasa-nada\/"},"wordCount":1033,"commentCount":0,"publisher":{"@id":"https:\/\/patriciaberenguer.com\/#organization"},"image":{"@id":"https:\/\/patriciaberenguer.com\/no-no-soy-decoradora-y-no-pasa-nada\/#primaryimage"},"thumbnailUrl":"https:\/\/patriciaberenguer.com\/wp-content\/uploads\/2026\/03\/blog-arquitectura.jpg","articleSection":["Proyectos"],"inLanguage":"en-GB","potentialAction":[{"@type":"CommentAction","name":"Comment","target":["https:\/\/patriciaberenguer.com\/no-no-soy-decoradora-y-no-pasa-nada\/#respond"]}]},{"@type":"WebPage","@id":"https:\/\/patriciaberenguer.com\/no-no-soy-decoradora-y-no-pasa-nada\/","url":"https:\/\/patriciaberenguer.com\/no-no-soy-decoradora-y-no-pasa-nada\/","name":"No, no soy decoradora (y no pasa nada) - Patricia Berenguer","isPartOf":{"@id":"https:\/\/patriciaberenguer.com\/#website"},"primaryImageOfPage":{"@id":"https:\/\/patriciaberenguer.com\/no-no-soy-decoradora-y-no-pasa-nada\/#primaryimage"},"image":{"@id":"https:\/\/patriciaberenguer.com\/no-no-soy-decoradora-y-no-pasa-nada\/#primaryimage"},"thumbnailUrl":"https:\/\/patriciaberenguer.com\/wp-content\/uploads\/2026\/03\/blog-arquitectura.jpg","datePublished":"2026-03-24T16:29:17+00:00","dateModified":"2026-03-24T16:58:54+00:00","breadcrumb":{"@id":"https:\/\/patriciaberenguer.com\/no-no-soy-decoradora-y-no-pasa-nada\/#breadcrumb"},"inLanguage":"en-GB","potentialAction":[{"@type":"ReadAction","target":["https:\/\/patriciaberenguer.com\/no-no-soy-decoradora-y-no-pasa-nada\/"]}]},{"@type":"ImageObject","inLanguage":"en-GB","@id":"https:\/\/patriciaberenguer.com\/no-no-soy-decoradora-y-no-pasa-nada\/#primaryimage","url":"https:\/\/patriciaberenguer.com\/wp-content\/uploads\/2026\/03\/blog-arquitectura.jpg","contentUrl":"https:\/\/patriciaberenguer.com\/wp-content\/uploads\/2026\/03\/blog-arquitectura.jpg","width":1441,"height":991},{"@type":"BreadcrumbList","@id":"https:\/\/patriciaberenguer.com\/no-no-soy-decoradora-y-no-pasa-nada\/#breadcrumb","itemListElement":[{"@type":"ListItem","position":1,"name":"Portada","item":"https:\/\/patriciaberenguer.com\/"},{"@type":"ListItem","position":2,"name":"No, no soy decoradora (y no pasa nada)"}]},{"@type":"WebSite","@id":"https:\/\/patriciaberenguer.com\/#website","url":"https:\/\/patriciaberenguer.com\/","name":"Patricia Berenguer","description":"Arquitecta &amp; Dise&ntilde;adora de Interiores en El Ejido","publisher":{"@id":"https:\/\/patriciaberenguer.com\/#organization"},"potentialAction":[{"@type":"SearchAction","target":{"@type":"EntryPoint","urlTemplate":"https:\/\/patriciaberenguer.com\/?s={search_term_string}"},"query-input":{"@type":"PropertyValueSpecification","valueRequired":true,"valueName":"search_term_string"}}],"inLanguage":"en-GB"},{"@type":"Organization","@id":"https:\/\/patriciaberenguer.com\/#organization","name":"Patricia Berenguer","url":"https:\/\/patriciaberenguer.com\/","logo":{"@type":"ImageObject","inLanguage":"en-GB","@id":"https:\/\/patriciaberenguer.com\/#\/schema\/logo\/image\/","url":"https:\/\/patriciaberenguer.com\/wp-content\/uploads\/2025\/12\/LOGOS-02-scaled.png","contentUrl":"https:\/\/patriciaberenguer.com\/wp-content\/uploads\/2025\/12\/LOGOS-02-scaled.png","width":2560,"height":1360,"caption":"Patricia Berenguer"},"image":{"@id":"https:\/\/patriciaberenguer.com\/#\/schema\/logo\/image\/"}},{"@type":"Person","@id":"https:\/\/patriciaberenguer.com\/#\/schema\/person\/b572c4b3e94f526a7f7ac37eb1e0a7c1","name":"admin","image":{"@type":"ImageObject","inLanguage":"en-GB","@id":"https:\/\/patriciaberenguer.com\/#\/schema\/person\/image\/","url":"https:\/\/secure.gravatar.com\/avatar\/17134ddcd8011bf6b03e346da9df14d248ae5af75c627206774a2b3fa38bf256?s=96&d=mm&r=g","contentUrl":"https:\/\/secure.gravatar.com\/avatar\/17134ddcd8011bf6b03e346da9df14d248ae5af75c627206774a2b3fa38bf256?s=96&d=mm&r=g","caption":"admin"},"sameAs":["http:\/\/patriciaberenguer.com"],"url":"https:\/\/patriciaberenguer.com\/en\/author\/admin\/"}]}},"_links":{"self":[{"href":"https:\/\/patriciaberenguer.com\/en\/wp-json\/wp\/v2\/posts\/446","targetHints":{"allow":["GET"]}}],"collection":[{"href":"https:\/\/patriciaberenguer.com\/en\/wp-json\/wp\/v2\/posts"}],"about":[{"href":"https:\/\/patriciaberenguer.com\/en\/wp-json\/wp\/v2\/types\/post"}],"author":[{"embeddable":true,"href":"https:\/\/patriciaberenguer.com\/en\/wp-json\/wp\/v2\/users\/1"}],"replies":[{"embeddable":true,"href":"https:\/\/patriciaberenguer.com\/en\/wp-json\/wp\/v2\/comments?post=446"}],"version-history":[{"count":6,"href":"https:\/\/patriciaberenguer.com\/en\/wp-json\/wp\/v2\/posts\/446\/revisions"}],"predecessor-version":[{"id":457,"href":"https:\/\/patriciaberenguer.com\/en\/wp-json\/wp\/v2\/posts\/446\/revisions\/457"}],"wp:featuredmedia":[{"embeddable":true,"href":"https:\/\/patriciaberenguer.com\/en\/wp-json\/wp\/v2\/media\/451"}],"wp:attachment":[{"href":"https:\/\/patriciaberenguer.com\/en\/wp-json\/wp\/v2\/media?parent=446"}],"wp:term":[{"taxonomy":"category","embeddable":true,"href":"https:\/\/patriciaberenguer.com\/en\/wp-json\/wp\/v2\/categories?post=446"},{"taxonomy":"post_tag","embeddable":true,"href":"https:\/\/patriciaberenguer.com\/en\/wp-json\/wp\/v2\/tags?post=446"}],"curies":[{"name":"wp","href":"https:\/\/api.w.org\/{rel}","templated":true}]}}