{"id":462,"date":"2026-04-30T08:30:18","date_gmt":"2026-04-30T08:30:18","guid":{"rendered":"https:\/\/patriciaberenguer.com\/?p=462"},"modified":"2026-04-30T08:53:23","modified_gmt":"2026-04-30T08:53:23","slug":"cambiar-un-local-en-vivienda-lo-que-nadie-te-dice-antes-de-que-empiece-el-show-2","status":"publish","type":"post","link":"https:\/\/patriciaberenguer.com\/en\/cambiar-un-local-en-vivienda-lo-que-nadie-te-dice-antes-de-que-empiece-el-show-2\/","title":{"rendered":"Cambiar un local en vivienda: lo que nadie te dice antes de que empiece el show"},"content":{"rendered":"<p>[et_pb_section fb_built=\u00bb1&#8243; _builder_version=\u00bb4.27.5&#8243; max_width=\u00bb1000px\u00bb module_alignment=\u00bbcenter\u00bb custom_margin=\u00bb|356px||||\u00bb global_colors_info=\u00bb{}\u00bb theme_builder_area=\u00bbpost_content\u00bb][et_pb_row _builder_version=\u00bb4.16&#8243; background_size=\u00bbinitial\u00bb background_position=\u00bbtop_left\u00bb background_repeat=\u00bbrepeat\u00bb global_colors_info=\u00bb{}\u00bb theme_builder_area=\u00bbpost_content\u00bb][et_pb_column type=\u00bb4_4&#8243; _builder_version=\u00bb4.16&#8243; custom_padding=\u00bb|||\u00bb global_colors_info=\u00bb{}\u00bb custom_padding__hover=\u00bb|||\u00bb theme_builder_area=\u00bbpost_content\u00bb][et_pb_text _builder_version=\u00bb4.27.5&#8243; text_font_size=\u00bb16px\u00bb text_line_height=\u00bb1.6em\u00bb header_2_font=\u00bb&#8211;et_global_heading_font||||||||\u00bb header_2_text_color=\u00bb#2B0839&#8243; header_2_font_size=\u00bb30px\u00bb header_2_line_height=\u00bb1.1em\u00bb background_size=\u00bbinitial\u00bb background_position=\u00bbtop_left\u00bb background_repeat=\u00bbrepeat\u00bb text_orientation=\u00bbjustified\u00bb custom_margin=\u00bb0px||||false|false\u00bb hover_enabled=\u00bb0&#8243; global_colors_info=\u00bb{}\u00bb theme_builder_area=\u00bbpost_content\u00bb sticky_enabled=\u00bb0&#8243;]<\/p>\n<p>Querido follower, si has llegado hasta este post, ya mereces un aplauso. Gracias por sobrevivir al scroll y aterrizar aqu\u00ed. Acomp\u00e1\u00f1ame que nos vamos a adentrar en el precioso mundo de los cambios de uso.<\/p>\n<p>Con la alta demanda de vivienda, muchos estamos mirando locales comerciales con cara de \u201cmmm\u2026 qu\u00e9 golosos se ven estos metros cuadrados\u201d. Y s\u00ed, lo admito: la idea de convertir ese local en tu hogar ideal suena irresistible.<\/p>\n<p>Pero hablemos claro: cambiar un local en vivienda no es coser y cantar, aunque a veces lo parezca. No basta con poner un sof\u00e1, tirar un tabique y so\u00f1ar con tu sal\u00f3n abierto ideal mientras te sirves un gin tonic.<\/p>\n<p><strong>No, no, no y no\u2026<\/strong><\/p>\n<p>No caigas en la tentaci\u00f3n del autoenga\u00f1o. La realidad es que no es tirar un tabique y hacer un ba\u00f1o. Tienes que tener algunas cositas m\u00e1s en cuenta.<\/p>\n<p>Antes de meter a un alba\u00f1il con el ladrillo y la distribuci\u00f3n de tu loft di\u00e1fano en planta baja, lo primero que tienes que hacer es tener un proyecto con licencia de cambio de uso.<\/p>\n<p>Y s\u00ed, los proyectos de cambio de uso requieren firma de arquitecto y aparejador. No es un capricho: son los profesionales que te aseguran que todo cumple normativa, que tu vivienda es segura y que la obra se pueda legalizar sin multas de disciplina urban\u00edstica.<\/p>\n<p>Pero como eres una persona decente, guapa, con flow y adem\u00e1s me lees, pasa, sigue leyendo que te cuento el kit de la cuesti\u00f3n\u2026<\/p>\n<p>&nbsp;<\/p>\n<h2>Qu\u00e9 tienes que tener en cuenta para los cambios de uso<\/h2>\n<p><img loading=\"lazy\" decoding=\"async\" src=\"https:\/\/patriciaberenguer.com\/wp-content\/uploads\/2026\/04\/cambio-de-uso-1024x683.jpg\" width=\"1024\" height=\"683\" alt=\"\" class=\"wp-image-470 alignnone size-large\" srcset=\"https:\/\/patriciaberenguer.com\/wp-content\/uploads\/2026\/04\/cambio-de-uso-980x653.jpg 980w, https:\/\/patriciaberenguer.com\/wp-content\/uploads\/2026\/04\/cambio-de-uso-480x320.jpg 480w\" sizes=\"(min-width: 0px) and (max-width: 480px) 480px, (min-width: 481px) and (max-width: 980px) 980px, (min-width: 981px) 1024px, 100vw\" \/><\/p>\n<p>&nbsp;<\/p>\n<h3>1. Iluminaci\u00f3n y ventilaci\u00f3n natural<\/h3>\n<p>Toda estancia habitable debe tener ventanas al exterior. No vale abrir un ventanuco a un patio min\u00fasculo y cruzar los dedos. Sal\u00f3n, dormitorios\u2026 todos necesitan aire y luz. Punto.<\/p>\n<h3>2. Extracci\u00f3n de humos en la cocina<\/h3>\n<p>S\u00ed, cari\u00f1o, no basta con abrir la ventana. La cocina tiene que tener extracci\u00f3n homologada por cubierta o conducto adecuado. No improvises: tu nariz y la de tus vecinos te lo agradecer\u00e1n.<\/p>\n<h3>3. Contadores y acometidas<\/h3>\n<p>Luz, agua, gas\u2026 todo debe estar adaptado a uso de vivienda. Lo normal es cambiar el cuadro el\u00e9ctrico, los contadores y algunas acometidas. S\u00ed, implica gasto, pero es mucho mejor que sorpresas el\u00e9ctricas a las 10 de la noche.<\/p>\n<h3>4. Dormitorios con dimensiones m\u00ednimas<\/h3>\n<p>No todos los espacios sirven para dormir. La normativa define superficie m\u00ednima y altura libre. Antes de so\u00f1ar con tu habitaci\u00f3n XXL, comprueba que cabe la cama, t\u00fa y tu autoestima.<\/p>\n<h3>5. Ba\u00f1os que cumplen<\/h3>\n<p>Superficie m\u00ednima y disposici\u00f3n de aparatos (inodoro, lavabo, ducha o ba\u00f1era). Algunas ciudades incluso exigen ventilaci\u00f3n directa al exterior. No escatimes: nadie quiere ducharse en un agujero legal.<\/p>\n<h3>6. Accesibilidad y normativa general<\/h3>\n<p>Puerta de entrada, escalera, altura de pelda\u00f1os\u2026 algunas ciudades exigen condiciones m\u00ednimas. Aunque no sea obligatorio, tu futuro yo te lo agradecer\u00e1 y tu vivienda ganar\u00e1 valor.<\/p>\n<h3>7. Materiales y acabados<\/h3>\n<p>Muchos locales est\u00e1n pensados solo para actividad comercial: techos, suelos, aislamiento, ac\u00fastica\u2026 pueden no cumplir normativa de vivienda.<\/p>\n<p>Adem\u00e1s, hay zonas catalogadas que tienen que tener cierta est\u00e9tica. No puedes llegar t\u00fa con tu piedra natural estilo gallego porque te encanta la pizarra cuando vives en Mallorca. H\u00e1ztelo mirar, que luego viene tu cu\u00f1ado Jos\u00e9 Luis a opinar de lo que nadie te dijo.<\/p>\n<h3>8. Licencia y legalizaci\u00f3n<\/h3>\n<p>Antes de mover un solo ladrillo, hay que tramitar el cambio de uso en el ayuntamiento, normalmente con proyecto firmado por arquitecto y aparejador, memoria t\u00e9cnica, informe de viabilidad y certificado de eficiencia energ\u00e9tica.<\/p>\n<p>S\u00ed, suena a papeleo, pero evita dramas, multas y reformas eternas. Mi especialidad, ll\u00e1mame, me dedico a eso\u2026 hablamos y estudiamos el tuyo.<\/p>\n<h2><\/h2>\n<h2>Moraleja (Pat, el Pepito Grillo que todo el mundo deber\u00eda tener)<\/h2>\n<p>Cambiar un local en vivienda no es improvisar ni confiar en \u201cmi primo puede hacerlo barato\u201d. Se trata de planificaci\u00f3n, asesoramiento profesional y sentido com\u00fan.<\/p>\n<p>Con la consultor\u00eda y el proyecto adecuado, tu local se convierte en hogar confortable, sin sorpresas y sin esa sensaci\u00f3n de \u201cmadre m\u00eda, \u00bfqu\u00e9 hemos hecho?\u201d.<\/p>\n<p>Hazme caso: un cambio de uso bien hecho vale oro. Te ahorra tiempo, dinero y muchas noches en vela mirando paredes que no deber\u00edan estar donde est\u00e1n.<\/p>\n<p>No digas que no te avis\u00e9. Si no lo haces por m\u00ed, al menos hazlo por no escuchar a tu cu\u00f1ado Jos\u00e9 Luis.<\/p>\n<p><strong>Besitos, Pat. \ud83d\udc8c<\/strong><\/p>\n<p>[\/et_pb_text][\/et_pb_column][\/et_pb_row][\/et_pb_section]<\/p>","protected":false},"excerpt":{"rendered":"<p>Querido follower, si has llegado hasta este post, ya mereces un aplauso. Gracias por sobrevivir al scroll y aterrizar aqu\u00ed. Acomp\u00e1\u00f1ame que nos vamos a adentrar en el precioso mundo de los cambios de uso. Con la alta demanda de vivienda, muchos estamos mirando locales comerciales con cara de \u201cmmm\u2026 qu\u00e9 golosos se ven estos [&hellip;]<\/p>","protected":false},"author":1,"featured_media":468,"comment_status":"open","ping_status":"open","sticky":false,"template":"","format":"standard","meta":{"_et_pb_use_builder":"on","_et_pb_old_content":"","_et_gb_content_width":"","footnotes":""},"categories":[1],"tags":[],"class_list":["post-462","post","type-post","status-publish","format-standard","has-post-thumbnail","hentry","category-proyectos"],"yoast_head":"<!-- This site is optimized with the Yoast SEO plugin v26.7 - https:\/\/yoast.com\/wordpress\/plugins\/seo\/ -->\n<title>Cambiar un local en vivienda: lo que nadie te dice antes de que empiece el show - Patricia Berenguer<\/title>\n<meta name=\"robots\" content=\"index, follow, max-snippet:-1, max-image-preview:large, max-video-preview:-1\" \/>\n<link rel=\"canonical\" href=\"https:\/\/patriciaberenguer.com\/en\/cambiar-un-local-en-vivienda-lo-que-nadie-te-dice-antes-de-que-empiece-el-show-2\/\" \/>\n<meta property=\"og:locale\" content=\"en_GB\" \/>\n<meta property=\"og:type\" content=\"article\" \/>\n<meta property=\"og:title\" content=\"Cambiar un local en vivienda: lo que nadie te dice antes de que empiece el show - Patricia Berenguer\" \/>\n<meta property=\"og:description\" content=\"Querido follower, si has llegado hasta este post, ya mereces un aplauso. Gracias por sobrevivir al scroll y aterrizar aqu\u00ed. Acomp\u00e1\u00f1ame que nos vamos a adentrar en el precioso mundo de los cambios de uso. Con la alta demanda de vivienda, muchos estamos mirando locales comerciales con cara de \u201cmmm\u2026 qu\u00e9 golosos se ven estos [&hellip;]\" \/>\n<meta property=\"og:url\" content=\"https:\/\/patriciaberenguer.com\/en\/cambiar-un-local-en-vivienda-lo-que-nadie-te-dice-antes-de-que-empiece-el-show-2\/\" \/>\n<meta property=\"og:site_name\" content=\"Patricia Berenguer\" \/>\n<meta property=\"article:published_time\" content=\"2026-04-30T08:30:18+00:00\" \/>\n<meta property=\"article:modified_time\" content=\"2026-04-30T08:53:23+00:00\" \/>\n<meta property=\"og:image\" content=\"https:\/\/patriciaberenguer.com\/wp-content\/uploads\/2026\/04\/3d-rendering-white-minimal-dining-room-with-outdoor-view-scaled.jpg\" \/>\n\t<meta property=\"og:image:width\" content=\"2560\" \/>\n\t<meta property=\"og:image:height\" content=\"1707\" \/>\n\t<meta property=\"og:image:type\" content=\"image\/jpeg\" \/>\n<meta name=\"author\" content=\"admin\" \/>\n<meta name=\"twitter:card\" content=\"summary_large_image\" \/>\n<meta name=\"twitter:label1\" content=\"Written by\" \/>\n\t<meta name=\"twitter:data1\" content=\"admin\" \/>\n\t<meta name=\"twitter:label2\" content=\"Estimated reading time\" \/>\n\t<meta name=\"twitter:data2\" content=\"4 minutes\" \/>\n<script type=\"application\/ld+json\" class=\"yoast-schema-graph\">{\"@context\":\"https:\/\/schema.org\",\"@graph\":[{\"@type\":\"Article\",\"@id\":\"https:\/\/patriciaberenguer.com\/cambiar-un-local-en-vivienda-lo-que-nadie-te-dice-antes-de-que-empiece-el-show-2\/#article\",\"isPartOf\":{\"@id\":\"https:\/\/patriciaberenguer.com\/cambiar-un-local-en-vivienda-lo-que-nadie-te-dice-antes-de-que-empiece-el-show-2\/\"},\"author\":{\"name\":\"admin\",\"@id\":\"https:\/\/patriciaberenguer.com\/#\/schema\/person\/b572c4b3e94f526a7f7ac37eb1e0a7c1\"},\"headline\":\"Cambiar un local en vivienda: lo que nadie te dice antes de que empiece el show\",\"datePublished\":\"2026-04-30T08:30:18+00:00\",\"dateModified\":\"2026-04-30T08:53:23+00:00\",\"mainEntityOfPage\":{\"@id\":\"https:\/\/patriciaberenguer.com\/cambiar-un-local-en-vivienda-lo-que-nadie-te-dice-antes-de-que-empiece-el-show-2\/\"},\"wordCount\":921,\"commentCount\":0,\"publisher\":{\"@id\":\"https:\/\/patriciaberenguer.com\/#organization\"},\"image\":{\"@id\":\"https:\/\/patriciaberenguer.com\/cambiar-un-local-en-vivienda-lo-que-nadie-te-dice-antes-de-que-empiece-el-show-2\/#primaryimage\"},\"thumbnailUrl\":\"https:\/\/patriciaberenguer.com\/wp-content\/uploads\/2026\/04\/3d-rendering-white-minimal-dining-room-with-outdoor-view-scaled.jpg\",\"articleSection\":[\"Proyectos\"],\"inLanguage\":\"en-GB\",\"potentialAction\":[{\"@type\":\"CommentAction\",\"name\":\"Comment\",\"target\":[\"https:\/\/patriciaberenguer.com\/cambiar-un-local-en-vivienda-lo-que-nadie-te-dice-antes-de-que-empiece-el-show-2\/#respond\"]}]},{\"@type\":\"WebPage\",\"@id\":\"https:\/\/patriciaberenguer.com\/cambiar-un-local-en-vivienda-lo-que-nadie-te-dice-antes-de-que-empiece-el-show-2\/\",\"url\":\"https:\/\/patriciaberenguer.com\/cambiar-un-local-en-vivienda-lo-que-nadie-te-dice-antes-de-que-empiece-el-show-2\/\",\"name\":\"Cambiar un local en vivienda: lo que nadie te dice antes de que empiece el show - Patricia Berenguer\",\"isPartOf\":{\"@id\":\"https:\/\/patriciaberenguer.com\/#website\"},\"primaryImageOfPage\":{\"@id\":\"https:\/\/patriciaberenguer.com\/cambiar-un-local-en-vivienda-lo-que-nadie-te-dice-antes-de-que-empiece-el-show-2\/#primaryimage\"},\"image\":{\"@id\":\"https:\/\/patriciaberenguer.com\/cambiar-un-local-en-vivienda-lo-que-nadie-te-dice-antes-de-que-empiece-el-show-2\/#primaryimage\"},\"thumbnailUrl\":\"https:\/\/patriciaberenguer.com\/wp-content\/uploads\/2026\/04\/3d-rendering-white-minimal-dining-room-with-outdoor-view-scaled.jpg\",\"datePublished\":\"2026-04-30T08:30:18+00:00\",\"dateModified\":\"2026-04-30T08:53:23+00:00\",\"breadcrumb\":{\"@id\":\"https:\/\/patriciaberenguer.com\/cambiar-un-local-en-vivienda-lo-que-nadie-te-dice-antes-de-que-empiece-el-show-2\/#breadcrumb\"},\"inLanguage\":\"en-GB\",\"potentialAction\":[{\"@type\":\"ReadAction\",\"target\":[\"https:\/\/patriciaberenguer.com\/cambiar-un-local-en-vivienda-lo-que-nadie-te-dice-antes-de-que-empiece-el-show-2\/\"]}]},{\"@type\":\"ImageObject\",\"inLanguage\":\"en-GB\",\"@id\":\"https:\/\/patriciaberenguer.com\/cambiar-un-local-en-vivienda-lo-que-nadie-te-dice-antes-de-que-empiece-el-show-2\/#primaryimage\",\"url\":\"https:\/\/patriciaberenguer.com\/wp-content\/uploads\/2026\/04\/3d-rendering-white-minimal-dining-room-with-outdoor-view-scaled.jpg\",\"contentUrl\":\"https:\/\/patriciaberenguer.com\/wp-content\/uploads\/2026\/04\/3d-rendering-white-minimal-dining-room-with-outdoor-view-scaled.jpg\",\"width\":2560,\"height\":1707},{\"@type\":\"BreadcrumbList\",\"@id\":\"https:\/\/patriciaberenguer.com\/cambiar-un-local-en-vivienda-lo-que-nadie-te-dice-antes-de-que-empiece-el-show-2\/#breadcrumb\",\"itemListElement\":[{\"@type\":\"ListItem\",\"position\":1,\"name\":\"Portada\",\"item\":\"https:\/\/patriciaberenguer.com\/\"},{\"@type\":\"ListItem\",\"position\":2,\"name\":\"Cambiar un local en vivienda: lo que nadie te dice antes de que empiece el show\"}]},{\"@type\":\"WebSite\",\"@id\":\"https:\/\/patriciaberenguer.com\/#website\",\"url\":\"https:\/\/patriciaberenguer.com\/\",\"name\":\"Patricia Berenguer\",\"description\":\"Arquitecta &amp; Dise&ntilde;adora de Interiores en El Ejido\",\"publisher\":{\"@id\":\"https:\/\/patriciaberenguer.com\/#organization\"},\"potentialAction\":[{\"@type\":\"SearchAction\",\"target\":{\"@type\":\"EntryPoint\",\"urlTemplate\":\"https:\/\/patriciaberenguer.com\/?s={search_term_string}\"},\"query-input\":{\"@type\":\"PropertyValueSpecification\",\"valueRequired\":true,\"valueName\":\"search_term_string\"}}],\"inLanguage\":\"en-GB\"},{\"@type\":\"Organization\",\"@id\":\"https:\/\/patriciaberenguer.com\/#organization\",\"name\":\"Patricia Berenguer\",\"url\":\"https:\/\/patriciaberenguer.com\/\",\"logo\":{\"@type\":\"ImageObject\",\"inLanguage\":\"en-GB\",\"@id\":\"https:\/\/patriciaberenguer.com\/#\/schema\/logo\/image\/\",\"url\":\"https:\/\/patriciaberenguer.com\/wp-content\/uploads\/2025\/12\/LOGOS-02-scaled.png\",\"contentUrl\":\"https:\/\/patriciaberenguer.com\/wp-content\/uploads\/2025\/12\/LOGOS-02-scaled.png\",\"width\":2560,\"height\":1360,\"caption\":\"Patricia Berenguer\"},\"image\":{\"@id\":\"https:\/\/patriciaberenguer.com\/#\/schema\/logo\/image\/\"}},{\"@type\":\"Person\",\"@id\":\"https:\/\/patriciaberenguer.com\/#\/schema\/person\/b572c4b3e94f526a7f7ac37eb1e0a7c1\",\"name\":\"admin\",\"image\":{\"@type\":\"ImageObject\",\"inLanguage\":\"en-GB\",\"@id\":\"https:\/\/patriciaberenguer.com\/#\/schema\/person\/image\/\",\"url\":\"https:\/\/secure.gravatar.com\/avatar\/17134ddcd8011bf6b03e346da9df14d248ae5af75c627206774a2b3fa38bf256?s=96&d=mm&r=g\",\"contentUrl\":\"https:\/\/secure.gravatar.com\/avatar\/17134ddcd8011bf6b03e346da9df14d248ae5af75c627206774a2b3fa38bf256?s=96&d=mm&r=g\",\"caption\":\"admin\"},\"sameAs\":[\"http:\/\/patriciaberenguer.com\"],\"url\":\"https:\/\/patriciaberenguer.com\/en\/author\/admin\/\"}]}<\/script>\n<!-- \/ Yoast SEO plugin. -->","yoast_head_json":{"title":"Cambiar un local en vivienda: lo que nadie te dice antes de que empiece el show - Patricia Berenguer","robots":{"index":"index","follow":"follow","max-snippet":"max-snippet:-1","max-image-preview":"max-image-preview:large","max-video-preview":"max-video-preview:-1"},"canonical":"https:\/\/patriciaberenguer.com\/en\/cambiar-un-local-en-vivienda-lo-que-nadie-te-dice-antes-de-que-empiece-el-show-2\/","og_locale":"en_GB","og_type":"article","og_title":"Cambiar un local en vivienda: lo que nadie te dice antes de que empiece el show - Patricia Berenguer","og_description":"Querido follower, si has llegado hasta este post, ya mereces un aplauso. Gracias por sobrevivir al scroll y aterrizar aqu\u00ed. Acomp\u00e1\u00f1ame que nos vamos a adentrar en el precioso mundo de los cambios de uso. Con la alta demanda de vivienda, muchos estamos mirando locales comerciales con cara de \u201cmmm\u2026 qu\u00e9 golosos se ven estos [&hellip;]","og_url":"https:\/\/patriciaberenguer.com\/en\/cambiar-un-local-en-vivienda-lo-que-nadie-te-dice-antes-de-que-empiece-el-show-2\/","og_site_name":"Patricia Berenguer","article_published_time":"2026-04-30T08:30:18+00:00","article_modified_time":"2026-04-30T08:53:23+00:00","og_image":[{"width":2560,"height":1707,"url":"https:\/\/patriciaberenguer.com\/wp-content\/uploads\/2026\/04\/3d-rendering-white-minimal-dining-room-with-outdoor-view-scaled.jpg","type":"image\/jpeg"}],"author":"admin","twitter_card":"summary_large_image","twitter_misc":{"Written by":"admin","Estimated reading time":"4 minutes"},"schema":{"@context":"https:\/\/schema.org","@graph":[{"@type":"Article","@id":"https:\/\/patriciaberenguer.com\/cambiar-un-local-en-vivienda-lo-que-nadie-te-dice-antes-de-que-empiece-el-show-2\/#article","isPartOf":{"@id":"https:\/\/patriciaberenguer.com\/cambiar-un-local-en-vivienda-lo-que-nadie-te-dice-antes-de-que-empiece-el-show-2\/"},"author":{"name":"admin","@id":"https:\/\/patriciaberenguer.com\/#\/schema\/person\/b572c4b3e94f526a7f7ac37eb1e0a7c1"},"headline":"Cambiar un local en vivienda: lo que nadie te dice antes de que empiece el show","datePublished":"2026-04-30T08:30:18+00:00","dateModified":"2026-04-30T08:53:23+00:00","mainEntityOfPage":{"@id":"https:\/\/patriciaberenguer.com\/cambiar-un-local-en-vivienda-lo-que-nadie-te-dice-antes-de-que-empiece-el-show-2\/"},"wordCount":921,"commentCount":0,"publisher":{"@id":"https:\/\/patriciaberenguer.com\/#organization"},"image":{"@id":"https:\/\/patriciaberenguer.com\/cambiar-un-local-en-vivienda-lo-que-nadie-te-dice-antes-de-que-empiece-el-show-2\/#primaryimage"},"thumbnailUrl":"https:\/\/patriciaberenguer.com\/wp-content\/uploads\/2026\/04\/3d-rendering-white-minimal-dining-room-with-outdoor-view-scaled.jpg","articleSection":["Proyectos"],"inLanguage":"en-GB","potentialAction":[{"@type":"CommentAction","name":"Comment","target":["https:\/\/patriciaberenguer.com\/cambiar-un-local-en-vivienda-lo-que-nadie-te-dice-antes-de-que-empiece-el-show-2\/#respond"]}]},{"@type":"WebPage","@id":"https:\/\/patriciaberenguer.com\/cambiar-un-local-en-vivienda-lo-que-nadie-te-dice-antes-de-que-empiece-el-show-2\/","url":"https:\/\/patriciaberenguer.com\/cambiar-un-local-en-vivienda-lo-que-nadie-te-dice-antes-de-que-empiece-el-show-2\/","name":"Cambiar un local en vivienda: lo que nadie te dice antes de que empiece el show - Patricia Berenguer","isPartOf":{"@id":"https:\/\/patriciaberenguer.com\/#website"},"primaryImageOfPage":{"@id":"https:\/\/patriciaberenguer.com\/cambiar-un-local-en-vivienda-lo-que-nadie-te-dice-antes-de-que-empiece-el-show-2\/#primaryimage"},"image":{"@id":"https:\/\/patriciaberenguer.com\/cambiar-un-local-en-vivienda-lo-que-nadie-te-dice-antes-de-que-empiece-el-show-2\/#primaryimage"},"thumbnailUrl":"https:\/\/patriciaberenguer.com\/wp-content\/uploads\/2026\/04\/3d-rendering-white-minimal-dining-room-with-outdoor-view-scaled.jpg","datePublished":"2026-04-30T08:30:18+00:00","dateModified":"2026-04-30T08:53:23+00:00","breadcrumb":{"@id":"https:\/\/patriciaberenguer.com\/cambiar-un-local-en-vivienda-lo-que-nadie-te-dice-antes-de-que-empiece-el-show-2\/#breadcrumb"},"inLanguage":"en-GB","potentialAction":[{"@type":"ReadAction","target":["https:\/\/patriciaberenguer.com\/cambiar-un-local-en-vivienda-lo-que-nadie-te-dice-antes-de-que-empiece-el-show-2\/"]}]},{"@type":"ImageObject","inLanguage":"en-GB","@id":"https:\/\/patriciaberenguer.com\/cambiar-un-local-en-vivienda-lo-que-nadie-te-dice-antes-de-que-empiece-el-show-2\/#primaryimage","url":"https:\/\/patriciaberenguer.com\/wp-content\/uploads\/2026\/04\/3d-rendering-white-minimal-dining-room-with-outdoor-view-scaled.jpg","contentUrl":"https:\/\/patriciaberenguer.com\/wp-content\/uploads\/2026\/04\/3d-rendering-white-minimal-dining-room-with-outdoor-view-scaled.jpg","width":2560,"height":1707},{"@type":"BreadcrumbList","@id":"https:\/\/patriciaberenguer.com\/cambiar-un-local-en-vivienda-lo-que-nadie-te-dice-antes-de-que-empiece-el-show-2\/#breadcrumb","itemListElement":[{"@type":"ListItem","position":1,"name":"Portada","item":"https:\/\/patriciaberenguer.com\/"},{"@type":"ListItem","position":2,"name":"Cambiar un local en vivienda: lo que nadie te dice antes de que empiece el show"}]},{"@type":"WebSite","@id":"https:\/\/patriciaberenguer.com\/#website","url":"https:\/\/patriciaberenguer.com\/","name":"Patricia Berenguer","description":"Arquitecta &amp; Dise&ntilde;adora de Interiores en El Ejido","publisher":{"@id":"https:\/\/patriciaberenguer.com\/#organization"},"potentialAction":[{"@type":"SearchAction","target":{"@type":"EntryPoint","urlTemplate":"https:\/\/patriciaberenguer.com\/?s={search_term_string}"},"query-input":{"@type":"PropertyValueSpecification","valueRequired":true,"valueName":"search_term_string"}}],"inLanguage":"en-GB"},{"@type":"Organization","@id":"https:\/\/patriciaberenguer.com\/#organization","name":"Patricia Berenguer","url":"https:\/\/patriciaberenguer.com\/","logo":{"@type":"ImageObject","inLanguage":"en-GB","@id":"https:\/\/patriciaberenguer.com\/#\/schema\/logo\/image\/","url":"https:\/\/patriciaberenguer.com\/wp-content\/uploads\/2025\/12\/LOGOS-02-scaled.png","contentUrl":"https:\/\/patriciaberenguer.com\/wp-content\/uploads\/2025\/12\/LOGOS-02-scaled.png","width":2560,"height":1360,"caption":"Patricia Berenguer"},"image":{"@id":"https:\/\/patriciaberenguer.com\/#\/schema\/logo\/image\/"}},{"@type":"Person","@id":"https:\/\/patriciaberenguer.com\/#\/schema\/person\/b572c4b3e94f526a7f7ac37eb1e0a7c1","name":"admin","image":{"@type":"ImageObject","inLanguage":"en-GB","@id":"https:\/\/patriciaberenguer.com\/#\/schema\/person\/image\/","url":"https:\/\/secure.gravatar.com\/avatar\/17134ddcd8011bf6b03e346da9df14d248ae5af75c627206774a2b3fa38bf256?s=96&d=mm&r=g","contentUrl":"https:\/\/secure.gravatar.com\/avatar\/17134ddcd8011bf6b03e346da9df14d248ae5af75c627206774a2b3fa38bf256?s=96&d=mm&r=g","caption":"admin"},"sameAs":["http:\/\/patriciaberenguer.com"],"url":"https:\/\/patriciaberenguer.com\/en\/author\/admin\/"}]}},"_links":{"self":[{"href":"https:\/\/patriciaberenguer.com\/en\/wp-json\/wp\/v2\/posts\/462","targetHints":{"allow":["GET"]}}],"collection":[{"href":"https:\/\/patriciaberenguer.com\/en\/wp-json\/wp\/v2\/posts"}],"about":[{"href":"https:\/\/patriciaberenguer.com\/en\/wp-json\/wp\/v2\/types\/post"}],"author":[{"embeddable":true,"href":"https:\/\/patriciaberenguer.com\/en\/wp-json\/wp\/v2\/users\/1"}],"replies":[{"embeddable":true,"href":"https:\/\/patriciaberenguer.com\/en\/wp-json\/wp\/v2\/comments?post=462"}],"version-history":[{"count":4,"href":"https:\/\/patriciaberenguer.com\/en\/wp-json\/wp\/v2\/posts\/462\/revisions"}],"predecessor-version":[{"id":471,"href":"https:\/\/patriciaberenguer.com\/en\/wp-json\/wp\/v2\/posts\/462\/revisions\/471"}],"wp:featuredmedia":[{"embeddable":true,"href":"https:\/\/patriciaberenguer.com\/en\/wp-json\/wp\/v2\/media\/468"}],"wp:attachment":[{"href":"https:\/\/patriciaberenguer.com\/en\/wp-json\/wp\/v2\/media?parent=462"}],"wp:term":[{"taxonomy":"category","embeddable":true,"href":"https:\/\/patriciaberenguer.com\/en\/wp-json\/wp\/v2\/categories?post=462"},{"taxonomy":"post_tag","embeddable":true,"href":"https:\/\/patriciaberenguer.com\/en\/wp-json\/wp\/v2\/tags?post=462"}],"curies":[{"name":"wp","href":"https:\/\/api.w.org\/{rel}","templated":true}]}}